{"id":10277,"date":"2026-01-15T08:00:00","date_gmt":"2026-01-15T11:00:00","guid":{"rendered":"https:\/\/fusam.com.br\/?p=10277"},"modified":"2026-03-16T09:37:26","modified_gmt":"2026-03-16T12:37:26","slug":"aviso-de-abertura-de-dispensa-de-licitacao-17","status":"publish","type":"post","link":"https:\/\/fusam.com.br\/index.php\/2026\/01\/15\/aviso-de-abertura-de-dispensa-de-licitacao-17\/","title":{"rendered":"Processo n\u00ba 001\/2026 \u2013 Dispensa de Licita\u00e7\u00e3o\u00a0 n\u00ba\u00a0 001\/2026"},"content":{"rendered":"\n<p>AVISO DE ABERTURA DE DISPENSA DE LICITA\u00c7\u00c3O<\/p>\n\n\n\n<p>A <strong>FUSAM \u2013 FUNDA\u00c7\u00c3O DE SA\u00daDE E ASSIST\u00caENCIA AO MUNIC\u00cdPIO DE CA\u00c7APAVA<\/strong>, em conformidade com o <strong><u>art. 75, inciso II, C\/C \u00a7 3\u00ba, da Lei Federal n\u00ba 14.133\/2021<\/u><\/strong>, Nova Lei de Licita\u00e7\u00f5es e Contratos Administrativos, torna p\u00fablico que a Administra\u00e7\u00e3o pretende realizar <strong>&#8220;<\/strong><strong>Contrata\u00e7\u00e3o de Empresa Especializada para DEDETIZA\u00c7\u00c3O, DESRATIZA\u00c7\u00c3O E LAVAGEM DE CAIXA DE \u00c1GUA<\/strong><strong>\u201d<\/strong><strong>.<\/strong><\/p>\n\n\n\n<p><strong>JUSTIFICATIVA<\/strong>:<\/p>\n\n\n\n<p>A contrata\u00e7\u00e3o justifica-se por atender a determina\u00e7\u00e3o do SVS \u2013 Servi\u00e7o de Vigil\u00e2ncia Sanit\u00e1ria em aten\u00e7\u00e3o a RDC 622\/2022, bem como RDC 63\/2011, ambas do Minist\u00e9rio da Sa\u00fade que estabelece os procedimentos de servi\u00e7o de dedetiza\u00e7\u00e3o, desratiza\u00e7\u00e3o, bem como limpeza de caixas de \u00e1gua e reservat\u00f3rios.<\/p>\n\n\n\n<p><strong>DOTA\u00c7\u00c3O OR\u00c7AMENTARIA:<\/strong><\/p>\n\n\n\n<figure class=\"wp-block-table\"><table class=\"has-fixed-layout\"><tbody><tr><td><strong>DESPESA<\/strong><\/td><td><strong>NATUREZA DA DESPESA<\/strong><\/td><td><strong>PROGRAMA DE TRABALHO (Funcional)<\/strong><\/td><td><strong>FONTE<\/strong> <strong>(n\u00ba e t\u00edtulo)<\/strong><\/td><td><strong>C\u00d3DIGO DE APLICA\u00c7\u00c3O<\/strong><\/td><\/tr><tr><td>324<\/td><td>3.3.90.39.79<\/td><td>10 302 1002 2011<\/td><td>05 TRANSFERENCIAS E CON<\/td><td>3020001<\/td><\/tr><\/tbody><\/table><\/figure>\n\n\n\n<p>Os interessados poder\u00e3o apresentar propostas de pre\u00e7os no prazo de 03 (tr\u00eas) dias \u00fateis completos, exclusivamente por meio do Portal BR Conectado, dispon\u00edvel no link: <a href=\"https:\/\/www.licitafusamcacapava.com.br\">https:\/\/www.licitafusamcacapava.com.br<\/a>, at\u00e9 o dia 20\/01\/2026, \u00e0s 09h29min.<\/p>\n\n\n\n<p>O Edital encontra-se dispon\u00edvel no site da FUSAM, no Portal BR Conectado e no Portal Nacional de Compras P\u00fablicas \u2013 PNCP.<\/p>\n\n\n\n<p><strong>Valor total estimado do objeto \u00e9 de R$ 29.760,00 (vinte e nove mil, setecentos e sessenta reais).<\/strong><\/p>\n\n\n\n<p>D\u00favidas ou pedidos de esclarecimento dever\u00e3o ser encaminhados para os e-mails: <a href=\"mailto:apoiolicita@fusam.com.br\">apoiolicita@fusam.com.br<\/a> \/ <a href=\"mailto:audesplicita@fusam.com.br\">audesplicita@fusam.com.br<\/a>.<\/p>\n\n\n\n<p>Ca\u00e7apava, 14 de janeiro de 2026. Marcela Aparecida da Silva Fran\u00e7a &#8211; Presidente da FUSAM<\/p>\n\n\n\n<p>Arquivos:<\/p>\n\n\n\n<p><a href=\"https:\/\/fusam.com.br\/wp-content\/uploads\/2026\/01\/AVISO-DE-DISPENSA-DL-001.26.pdf\" target=\"_blank\" rel=\"noreferrer noopener\">AVISO DE DISPENSA &#8211; DL 001.26<\/a><\/p>\n\n\n\n<p><a href=\"https:\/\/fusam.com.br\/wp-content\/uploads\/2026\/03\/Edicao-no-723-PUBLICACAO-EDITAL.pdf\" target=\"_blank\" rel=\"noreferrer noopener\">Edi\u00e7\u00e3o n\u00ba 723 &#8211; PUBLICA\u00c7\u00c3O EDITAL<\/a><\/p>\n\n\n\n<p><a href=\"https:\/\/fusam.com.br\/wp-content\/uploads\/2026\/03\/Edicao-no-728-HOMOLOGACAO.pdf\" target=\"_blank\" rel=\"noreferrer noopener\">Edi\u00e7\u00e3o n\u00ba 728 &#8211; HOMOLOGA\u00c7\u00c3O<\/a><\/p>\n\n\n\n<p><a href=\"https:\/\/fusam.com.br\/wp-content\/uploads\/2026\/03\/CONTRATO-001.26-PROTEX.pdf\" target=\"_blank\" rel=\"noreferrer noopener\">CONTRATO 001.26 &#8211; PROTEX<\/a><\/p>\n","protected":false},"excerpt":{"rendered":"<p>AVISO DE ABERTURA DE DISPENSA DE LICITA\u00c7\u00c3O A FUSAM \u2013 FUNDA\u00c7\u00c3O DE SA\u00daDE E ASSIST\u00caENCIA AO MUNIC\u00cdPIO DE CA\u00c7APAVA, em conformidade com o art. 75, inciso II, C\/C \u00a7 3\u00ba, da Lei Federal n\u00ba 14.133\/2021, Nova Lei de Licita\u00e7\u00f5es e Contratos Administrativos, torna p\u00fablico que a Administra\u00e7\u00e3o pretende realizar &#8220;Contrata\u00e7\u00e3o de Empresa Especializada para DEDETIZA\u00c7\u00c3O, [&hellip;]<\/p>\n","protected":false},"author":6,"featured_media":0,"comment_status":"open","ping_status":"open","sticky":false,"template":"","format":"standard","meta":{"footnotes":""},"categories":[34],"tags":[35,18,21],"class_list":["post-10277","post","type-post","status-publish","format-standard","hentry","category-dispensa-de-licitacao","tag-aviso-de-dispensa-de-licitacao","tag-licitacoes","tag-transparencia-2","entry"],"_links":{"self":[{"href":"https:\/\/fusam.com.br\/index.php\/wp-json\/wp\/v2\/posts\/10277","targetHints":{"allow":["GET"]}}],"collection":[{"href":"https:\/\/fusam.com.br\/index.php\/wp-json\/wp\/v2\/posts"}],"about":[{"href":"https:\/\/fusam.com.br\/index.php\/wp-json\/wp\/v2\/types\/post"}],"author":[{"embeddable":true,"href":"https:\/\/fusam.com.br\/index.php\/wp-json\/wp\/v2\/users\/6"}],"replies":[{"embeddable":true,"href":"https:\/\/fusam.com.br\/index.php\/wp-json\/wp\/v2\/comments?post=10277"}],"version-history":[{"count":3,"href":"https:\/\/fusam.com.br\/index.php\/wp-json\/wp\/v2\/posts\/10277\/revisions"}],"predecessor-version":[{"id":10474,"href":"https:\/\/fusam.com.br\/index.php\/wp-json\/wp\/v2\/posts\/10277\/revisions\/10474"}],"wp:attachment":[{"href":"https:\/\/fusam.com.br\/index.php\/wp-json\/wp\/v2\/media?parent=10277"}],"wp:term":[{"taxonomy":"category","embeddable":true,"href":"https:\/\/fusam.com.br\/index.php\/wp-json\/wp\/v2\/categories?post=10277"},{"taxonomy":"post_tag","embeddable":true,"href":"https:\/\/fusam.com.br\/index.php\/wp-json\/wp\/v2\/tags?post=10277"}],"curies":[{"name":"wp","href":"https:\/\/api.w.org\/{rel}","templated":true}]}}