{"id":10460,"date":"2026-02-24T08:36:49","date_gmt":"2026-02-24T11:36:49","guid":{"rendered":"https:\/\/fusam.com.br\/?p=10460"},"modified":"2026-03-16T09:04:56","modified_gmt":"2026-03-16T12:04:56","slug":"ato-n-o-003-2026-autorizacao-de-contratacao-direta","status":"publish","type":"post","link":"https:\/\/fusam.com.br\/index.php\/2026\/02\/24\/ato-n-o-003-2026-autorizacao-de-contratacao-direta\/","title":{"rendered":"ATO n.\u00ba 003\/2026 &#8211; AUTORIZA\u00c7\u00c3O DE CONTRATA\u00c7\u00c3O DIRETA"},"content":{"rendered":"\n<p><strong>PROCESSO N.\u00ba 009\/2026 &#8211; DISPENSA N.\u00ba 006\/2026<\/strong><\/p>\n\n\n\n<p>A <strong>FUSAM \u2013 FUNDA\u00c7\u00c3O DE SA\u00daDE E ASSIST\u00caNCIA DO MUNIC\u00cdPIO DE CA\u00c7APAVA<\/strong>, em conformidade com a sua Presidente, Sra. Marcela Aparecida da Silva Fran\u00e7a, AUTORIZA a contrata\u00e7\u00e3o direta atrav\u00e9s da Dispensa n\u00ba 006\/2026 \u2013 Processo Licitat\u00f3rio n\u00ba 009\/2026 para <strong>Contrata\u00e7\u00e3o de Empresa Prestadora de Servi\u00e7os de Acolhimento na Funda\u00e7\u00e3o de Sa\u00fade e Assist\u00eancia do Munic\u00edpio de Ca\u00e7apava &#8211; FUSAM<\/strong><strong>, <\/strong>com base no Art. 75, Inc. VIII e Decreto Municipal n\u00ba 4.983\/23.<\/p>\n\n\n\n<p><strong>JUSTIFICATIVA<\/strong>: A contrata\u00e7\u00e3o fundamenta-se na situa\u00e7\u00e3o emergencial decorrente do encerramento de contratos tempor\u00e1rios (mais de 60 profissionais), inexistindo listas vigentes de concurso p\u00fablico ou processo seletivo aptas ao imediato preenchimento das vagas. Os candidatos convocados n\u00e3o aderiram em n\u00famero suficiente, e a realiza\u00e7\u00e3o de novo certame demandaria prazo m\u00ednimo incompat\u00edvel com a continuidade dos servi\u00e7os assistenciais.<\/p>\n\n\n\n<p>H\u00e1, ainda, restri\u00e7\u00e3o \u00e0 contrata\u00e7\u00e3o por RPA em raz\u00e3o de TAC firmado com o Minist\u00e9rio P\u00fablico, bem como d\u00e9ficit reconhecido no dimensionamento da equipe de enfermagem, com notifica\u00e7\u00e3o do COREN\/SP, situa\u00e7\u00e3o que pode ensejar penalidades e comprometer a seguran\u00e7a do paciente.<\/p>\n\n\n\n<p>Dessa forma, a contrata\u00e7\u00e3o de empresa especializada mostra-se medida urgente e tempor\u00e1ria, necess\u00e1ria para garantir a continuidade, regularidade e efici\u00eancia dos servi\u00e7os p\u00fablicos de sa\u00fade.<\/p>\n\n\n\n<p><strong>DOTA\u00c7\u00c3O OR\u00c7AMENTARIA:<\/strong><\/p>\n\n\n\n<figure class=\"wp-block-table\"><table class=\"has-fixed-layout\"><tbody><tr><td><strong>DESPESA<\/strong><\/td><td><strong>NATUREZA DA DESPESA<\/strong><\/td><td><strong>PROGRAMA DE TRABALHO (Funcional)<\/strong><\/td><td><strong>FONTE<\/strong> <strong>(n\u00ba e t\u00edtulo)<\/strong><\/td><td><strong>C\u00d3DIGO DE APLICA\u00c7\u00c3O<\/strong><\/td><\/tr><tr><td>360<\/td><td>3.3.90.39.99<\/td><td>10 302 1002 2011<\/td><td>91 &#8211; TESOURO<\/td><td>3020000 &#8211; ATEN\u00c7\u00c3O MEDICA ALTA COMPLE<\/td><\/tr><\/tbody><\/table><\/figure>\n\n\n\n<p><strong>EMPRESA:<\/strong><\/p>\n\n\n\n<p><strong>MILCLEAN COM\u00c9RCIO E SERVI\u00c7OS LTDA<\/strong><strong><\/strong><\/p>\n\n\n\n<p><strong>CNPJ: 02.666.114\/0001-09<\/strong><\/p>\n\n\n\n<figure class=\"wp-block-table\"><table class=\"has-fixed-layout\"><tbody><tr><td><strong>ITEM<\/strong><\/td><td><strong>DESCRI\u00c7\u00c3O<\/strong><\/td><td><strong>QUANT. FUNCION\u00c1RIOS ANUAL<\/strong><\/td><td><strong>QT. HORAS TOTAL 03 MESES<\/strong><\/td><td><strong>VALOR UNIT\u00c1RIO<\/strong><\/td><td><strong>VALOR TOTAL<\/strong><\/td><\/tr><tr><td>01<\/td><td>T\u00e9cnico de Enfermagem &#8211; DI\u00daRNO &#8211; ESCALA 12X36<\/td><td>21<\/td><td>11340<\/td><td><strong>R$ 47,77<\/strong><strong><\/strong><\/td><td>R$ 541.711,80<\/td><\/tr><tr><td>02<\/td><td>T\u00e9cnico de Enfermagem &#8211; NOTURNO &#8211; ESCALA 12X36<\/td><td>19<\/td><td>10260<\/td><td><strong>R$ 52,00<\/strong><strong><\/strong><\/td><td>R$ 533.520,00<\/td><\/tr><tr><td>03<\/td><td>Enfermeiros &#8211; DI\u00daRNO &#8211; ESCALA 12X36<\/td><td>10<\/td><td>5400<\/td><td><strong>R$ 72,05<\/strong><strong><\/strong><\/td><td>R$ 389.070,00<\/td><\/tr><tr><td>04<\/td><td>Enfermeiros &#8211; NOTURNO &#8211; ESCALA 12X36<\/td><td>6<\/td><td>3240<\/td><td><strong>R$ 78,43<\/strong><strong><\/strong><\/td><td>R$ 254.113,20<\/td><\/tr><tr><td>05<\/td><td>M\u00e9dico Radiologista Ultrassonografista &#8211; DIURNO &#8211; 20 HR SEMANAIS<\/td><td>1<\/td><td>300<\/td><td><strong>R$ 179,27<\/strong><strong><\/strong><\/td><td>R$ 53.781,00<\/td><\/tr><tr><td colspan=\"5\">&nbsp; &nbsp;<\/td><td><strong>R$1.772.196,00<\/strong><\/td><\/tr><\/tbody><\/table><\/figure>\n\n\n\n<p>Ca\u00e7apava, 23 de Fevereiro de 2026.<\/p>\n\n\n\n<p>Marcela Aparecida da Silva Fran\u00e7a<\/p>\n\n\n\n<p>Presidente da FUSAM<\/p>\n\n\n\n<figure class=\"wp-block-table\"><table class=\"has-fixed-layout\"><tbody><tr><td><strong>FUSAM \u2013 FUNDA\u00c7\u00c3O DE SA\u00daDE E ASSIST\u00caNCIA DO MUNIC\u00cdPIO DE CA\u00c7APAVA<\/strong><strong>&nbsp;<\/strong><strong>CNPJ: 50.453.703\/0001-43<\/strong><strong>&nbsp;<\/strong><strong>ERRATA<\/strong>&nbsp;Comunico que a publica\u00e7\u00e3o ocorrida no dia: 23\/02\/2026 saiu<strong> incorreta <\/strong>que hora se regulariza:<strong>Onde se l\u00ea: <\/strong><strong>&nbsp;CONTRATADA:<\/strong><strong> <\/strong><strong>&nbsp;MILCLEAN COM\u00c9RCIO E SERVI\u00c7OS LTDA &#8211; CNPJ n\u00ba <\/strong><strong>45.189.305\/0001-21 &#8211; <\/strong>&nbsp;valor global de R$ 1.734.118,20 (Um milh\u00e3o, setecentos e trinta e quatro mil, cento e dezoito reais e vinte centavos).&nbsp;&nbsp;<strong>&nbsp;<\/strong><strong>Leia-se<\/strong> <strong>&nbsp;MILCLEAN COM\u00c9RCIO E SERVI\u00c7OS LTDA &#8211; &nbsp;CNPJ n\u00ba <\/strong><strong>02.666.114\/0001-09 &#8211; <\/strong>&nbsp;valor global de R$ 1.734.118,20 (Um milh\u00e3o, setecentos e trinta e quatro mil, cento e dezoito reais e vinte centavos).&nbsp;<strong>Marcela Aparecida da Silva Fran\u00e7a<\/strong>Presidente da FUSAM.<\/td><\/tr><\/tbody><\/table><\/figure>\n\n\n\n<p>Ca\u00e7apava\/SP, 27\/02\/2026<\/p>\n\n\n\n<p>Arquivos: <\/p>\n\n\n\n<p><a href=\"https:\/\/fusam.com.br\/wp-content\/uploads\/2026\/03\/ATO-No-003.26-PROC.-009.26-DL-006.26-ACOLHIMENTO.pdf\" target=\"_blank\" rel=\"noreferrer noopener\">ATO N\u00ba 003.26 &#8211; PROC. 009.26 &#8211; DL 006.26 &#8211; ACOLHIMENTO<\/a><\/p>\n\n\n\n<p><a href=\"https:\/\/fusam.com.br\/wp-content\/uploads\/2026\/03\/Edicao-no-749-HOMOLOGACAO-DL-006.26-SERV.-DE-ACOLHIMENTO.pdf\" target=\"_blank\" rel=\"noreferrer noopener\">Edi\u00e7\u00e3o n\u00ba 749 &#8211; HOMOLOGA\u00c7\u00c3O DL 006.26 &#8211; SERV. DE ACOLHIMENTO<\/a><\/p>\n\n\n\n<p><a href=\"https:\/\/fusam.com.br\/wp-content\/uploads\/2026\/03\/Edicao-no-753-ERRATA-DL-006.26-ACOLHIMENTO.pdf\" target=\"_blank\" rel=\"noreferrer noopener\">Edi\u00e7\u00e3o n\u00ba 753 &#8211; ERRATA DL 006.26 &#8211; ACOLHIMENTO<\/a><\/p>\n\n\n\n<p><a href=\"https:\/\/fusam.com.br\/wp-content\/uploads\/2026\/03\/Contrato-No-002.26-MILCLEAN-COMERCIO-E-SERVICOS-LTDA.pdf\" target=\"_blank\" rel=\"noreferrer noopener\">Contrato N\u00ba 002.26 &#8211; MILCLEAN COM\u00c9RCIO E SERVI\u00c7OS LTDA<\/a><\/p>\n\n\n\n<p><\/p>\n","protected":false},"excerpt":{"rendered":"<p>PROCESSO N.\u00ba 009\/2026 &#8211; DISPENSA N.\u00ba 006\/2026 A FUSAM \u2013 FUNDA\u00c7\u00c3O DE SA\u00daDE E ASSIST\u00caNCIA DO MUNIC\u00cdPIO DE CA\u00c7APAVA, em conformidade com a sua Presidente, Sra. Marcela Aparecida da Silva Fran\u00e7a, AUTORIZA a contrata\u00e7\u00e3o direta atrav\u00e9s da Dispensa n\u00ba 006\/2026 \u2013 Processo Licitat\u00f3rio n\u00ba 009\/2026 para Contrata\u00e7\u00e3o de Empresa Prestadora de Servi\u00e7os de Acolhimento na [&hellip;]<\/p>\n","protected":false},"author":6,"featured_media":0,"comment_status":"open","ping_status":"open","sticky":false,"template":"","format":"standard","meta":{"footnotes":""},"categories":[34],"tags":[18,21],"class_list":["post-10460","post","type-post","status-publish","format-standard","hentry","category-dispensa-de-licitacao","tag-licitacoes","tag-transparencia-2","entry"],"_links":{"self":[{"href":"https:\/\/fusam.com.br\/index.php\/wp-json\/wp\/v2\/posts\/10460","targetHints":{"allow":["GET"]}}],"collection":[{"href":"https:\/\/fusam.com.br\/index.php\/wp-json\/wp\/v2\/posts"}],"about":[{"href":"https:\/\/fusam.com.br\/index.php\/wp-json\/wp\/v2\/types\/post"}],"author":[{"embeddable":true,"href":"https:\/\/fusam.com.br\/index.php\/wp-json\/wp\/v2\/users\/6"}],"replies":[{"embeddable":true,"href":"https:\/\/fusam.com.br\/index.php\/wp-json\/wp\/v2\/comments?post=10460"}],"version-history":[{"count":4,"href":"https:\/\/fusam.com.br\/index.php\/wp-json\/wp\/v2\/posts\/10460\/revisions"}],"predecessor-version":[{"id":10469,"href":"https:\/\/fusam.com.br\/index.php\/wp-json\/wp\/v2\/posts\/10460\/revisions\/10469"}],"wp:attachment":[{"href":"https:\/\/fusam.com.br\/index.php\/wp-json\/wp\/v2\/media?parent=10460"}],"wp:term":[{"taxonomy":"category","embeddable":true,"href":"https:\/\/fusam.com.br\/index.php\/wp-json\/wp\/v2\/categories?post=10460"},{"taxonomy":"post_tag","embeddable":true,"href":"https:\/\/fusam.com.br\/index.php\/wp-json\/wp\/v2\/tags?post=10460"}],"curies":[{"name":"wp","href":"https:\/\/api.w.org\/{rel}","templated":true}]}}