{"id":4576,"date":"2023-11-28T15:48:25","date_gmt":"2023-11-28T18:48:25","guid":{"rendered":"https:\/\/fusam.com.br\/?p=4576"},"modified":"2023-12-11T16:22:21","modified_gmt":"2023-12-11T19:22:21","slug":"publicacao-do-edital-de-27-de-novembro-de-2023","status":"publish","type":"post","link":"https:\/\/fusam.com.br\/index.php\/2023\/11\/28\/publicacao-do-edital-de-27-de-novembro-de-2023\/","title":{"rendered":"EDITAL:  PROCESSO SELETIVO\u00a0DE 27 DE NOVEMBRO DE 2023"},"content":{"rendered":"\n<p>A Presidente da FUSAM \u2013 Funda\u00e7\u00e3o de Sa\u00fade e Assist\u00eancia do Munic\u00edpio de Ca\u00e7apava, no uso das atribui\u00e7\u00f5es legais e estatut\u00e1rias, considerando\u00a0<strong>a lei municipal n.\u00ba 2936 de 15 de julho de 1992\u00a0<\/strong>e ainda como o Art. 37, IX da Constitui\u00e7\u00e3o Federal.<\/p>\n\n\n\n<p><strong>Torna P\u00fablica:<\/strong><\/p>\n\n\n\n<p>A realiza\u00e7\u00e3o de Processo Seletivo para cadastro reserva de profissionais tempor\u00e1rios, para a complementa\u00e7\u00e3o da for\u00e7a de trabalho na FUSAM;<\/p>\n\n\n\n<p>Ca\u00e7apava, 27 de novembro de 2023.<\/p>\n\n\n\n<p><strong>JANA\u00cdNA REZENDE AZEVEDO GOMES MATIAS<\/strong><\/p>\n\n\n\n<p><strong>Presidente<\/strong><\/p>\n\n\n\n<p><a href=\"https:\/\/fusam.com.br\/wp-content\/uploads\/2023\/11\/FUSAM-Processo-Seletivo-Cadastro-Reserva-27.11.2022.pdf\" target=\"_blank\" rel=\"noreferrer noopener\">Edital com Informa\u00e7\u00f5es e Datas Importantes &#8211; Clique Aqui<\/a><\/p>\n\n\n\n<p>Desejamos boa sorte para todos!<\/p>\n","protected":false},"excerpt":{"rendered":"<p>A Presidente da FUSAM \u2013 Funda\u00e7\u00e3o de Sa\u00fade e Assist\u00eancia do Munic\u00edpio de Ca\u00e7apava, no uso das atribui\u00e7\u00f5es legais e estatut\u00e1rias, considerando\u00a0a lei municipal n.\u00ba 2936 de 15 de julho de 1992\u00a0e ainda como o Art. 37, IX da Constitui\u00e7\u00e3o Federal. Torna P\u00fablica: A realiza\u00e7\u00e3o de Processo Seletivo para cadastro reserva de profissionais tempor\u00e1rios, para [&hellip;]<\/p>\n","protected":false},"author":5,"featured_media":0,"comment_status":"open","ping_status":"open","sticky":false,"template":"","format":"standard","meta":{"footnotes":""},"categories":[9],"tags":[25,21],"class_list":["post-4576","post","type-post","status-publish","format-standard","hentry","category-concursos","tag-concursos","tag-transparencia-2","entry"],"_links":{"self":[{"href":"https:\/\/fusam.com.br\/index.php\/wp-json\/wp\/v2\/posts\/4576","targetHints":{"allow":["GET"]}}],"collection":[{"href":"https:\/\/fusam.com.br\/index.php\/wp-json\/wp\/v2\/posts"}],"about":[{"href":"https:\/\/fusam.com.br\/index.php\/wp-json\/wp\/v2\/types\/post"}],"author":[{"embeddable":true,"href":"https:\/\/fusam.com.br\/index.php\/wp-json\/wp\/v2\/users\/5"}],"replies":[{"embeddable":true,"href":"https:\/\/fusam.com.br\/index.php\/wp-json\/wp\/v2\/comments?post=4576"}],"version-history":[{"count":3,"href":"https:\/\/fusam.com.br\/index.php\/wp-json\/wp\/v2\/posts\/4576\/revisions"}],"predecessor-version":[{"id":4633,"href":"https:\/\/fusam.com.br\/index.php\/wp-json\/wp\/v2\/posts\/4576\/revisions\/4633"}],"wp:attachment":[{"href":"https:\/\/fusam.com.br\/index.php\/wp-json\/wp\/v2\/media?parent=4576"}],"wp:term":[{"taxonomy":"category","embeddable":true,"href":"https:\/\/fusam.com.br\/index.php\/wp-json\/wp\/v2\/categories?post=4576"},{"taxonomy":"post_tag","embeddable":true,"href":"https:\/\/fusam.com.br\/index.php\/wp-json\/wp\/v2\/tags?post=4576"}],"curies":[{"name":"wp","href":"https:\/\/api.w.org\/{rel}","templated":true}]}}